{"viewingHint":"paged","attribution":"Staats- und Universit\u00e4tsbibliothek","service":[{"profile":"http://iiif.io/api/search/1/search","@context":"http://iiif.io/api/search/1/context.json","@id":"https://brema.suub.uni-bremen.de/i3f/manifest/3641957/search","label":"Search within this manifest"}],"structures":[],"sequences":[{"canvases":[{"height":2332,"width":1620,"images":[{"resource":{"service":{"profile":"http://iiif.io/api/image/2/level2.json","@context":"http://iiif.io/api/image/2/context.json","@id":"https://brema.suub.uni-bremen.de/i3f/v20/3641613"},"format":"image/jpeg","height":1439,"width":1000,"@id":"https://brema.suub.uni-bremen.de/download/webcache/1000/3641613","@type":"dctypes:Image"},"on":"https://brema.suub.uni-bremen.de/i3f/v20/3641957/canvas/3641613","motivation":"sc:painting","@id":"https://brema.suub.uni-bremen.de/i3f/v20/3641957/annotation/3641613","@type":"oa:Annotation"}],"label":"[1]","@id":"https://brema.suub.uni-bremen.de/i3f/v20/3641957/canvas/3641613","@type":"sc:Canvas"},{"height":2332,"width":1620,"images":[{"resource":{"service":{"profile":"http://iiif.io/api/image/2/level2.json","@context":"http://iiif.io/api/image/2/context.json","@id":"https://brema.suub.uni-bremen.de/i3f/v20/3641799"},"format":"image/jpeg","height":1439,"width":1000,"@id":"https://brema.suub.uni-bremen.de/download/webcache/1000/3641799","@type":"dctypes:Image"},"on":"https://brema.suub.uni-bremen.de/i3f/v20/3641957/canvas/3641799","motivation":"sc:painting","@id":"https://brema.suub.uni-bremen.de/i3f/v20/3641957/annotation/3641799","@type":"oa:Annotation"}],"label":"[2]","@id":"https://brema.suub.uni-bremen.de/i3f/v20/3641957/canvas/3641799","@type":"sc:Canvas"},{"height":2332,"width":1620,"images":[{"resource":{"service":{"profile":"http://iiif.io/api/image/2/level2.json","@context":"http://iiif.io/api/image/2/context.json","@id":"https://brema.suub.uni-bremen.de/i3f/v20/3641614"},"format":"image/jpeg","height":1439,"width":1000,"@id":"https://brema.suub.uni-bremen.de/download/webcache/1000/3641614","@type":"dctypes:Image"},"on":"https://brema.suub.uni-bremen.de/i3f/v20/3641957/canvas/3641614","motivation":"sc:painting","@id":"https://brema.suub.uni-bremen.de/i3f/v20/3641957/annotation/3641614","@type":"oa:Annotation"}],"label":"[3]","@id":"https://brema.suub.uni-bremen.de/i3f/v20/3641957/canvas/3641614","@type":"sc:Canvas"},{"height":2332,"width":1620,"images":[{"resource":{"service":{"profile":"http://iiif.io/api/image/2/level2.json","@context":"http://iiif.io/api/image/2/context.json","@id":"https://brema.suub.uni-bremen.de/i3f/v20/3641800"},"format":"image/jpeg","height":1439,"width":1000,"@id":"https://brema.suub.uni-bremen.de/download/webcache/1000/3641800","@type":"dctypes:Image"},"on":"https://brema.suub.uni-bremen.de/i3f/v20/3641957/canvas/3641800","motivation":"sc:painting","@id":"https://brema.suub.uni-bremen.de/i3f/v20/3641957/annotation/3641800","@type":"oa:Annotation"}],"label":"[4]","@id":"https://brema.suub.uni-bremen.de/i3f/v20/3641957/canvas/3641800","@type":"sc:Canvas"}],"viewingHint":"paged","startCanvas":"https://brema.suub.uni-bremen.de/i3f/v20/3641957/canvas/3641613","viewingDirection":"left-to-right","label":"Current Page Order","@context":"http://iiif.io/api/presentation/2/context.json","@id":"https://brema.suub.uni-bremen.de/i3f/v20/3641957/sequence/normal","@type":"sc:Sequence"}],"label":"brem-b-1101: Zur f\u00fcnf und zwanzigsten Stiftungsfeyer der Loge zum silbernen Schl\u00fcssel","thumbnail":{"width":304,"height":437,"@id":"https://brema.suub.uni-bremen.de/i3f/v21/3641613/full/304/0/default.jpg","@type":"dctypes:Image","format":"image/jpeg"},"logo":{"@id":"https://brema.suub.uni-bremen.de/domainresource/static/graphics/connectors/viewerLogo.gif","service":{"profile":"http://iiif.io/api/image/2/level2.json","@context":"http://iiif.io/api/image/2/context.json","@id":"http://www.suub.uni-bremen.de/"}},"@context":"http://iiif.io/api/presentation/2/context.json","metadata":[{"value":"Zur f\u00fcnf und zwanzigsten Stiftungsfeyer der Loge zum silbernen Schl\u00fcssel / von dem Br. Redner A. C. Wilmanns","label":"Titel"},{"value":"Wilmanns, August Christian","label":"Verfasser"},{"value":"Diderich Meier Schriften","label":"K\u00f6rperschaft"},{"value":"Bremen : Meier, [1792]","label":"Erschienen"},{"value":"14.4.1792","label":"Anlassdatum"},{"value":"[6] Bl. ; 8\u00b0","label":"Umfang"},{"value":"Autopsie nach Ex. der ThULB JenaVorlageform des Erscheinungsvermerks: Bremen am 14./IV. - 5792. Mit Diedr. Meierschen Schriften","label":"Anmerkung"},{"value":"brem.b.1101-15","label":"Signatur"},{"value":"Bremen","label":"Schlagw\u00f6rter"},{"value":"Gelegenheitsschrift:Jubil\u00e4um","label":"Gattungsbegriff"},{"value":"Bremen : Staats- und Universit\u00e4tsbibliothek, 2026","label":"Online-Ausgabe"},{"value":"urn:nbn:de:gbv:46:1-192370","label":"URN"},{"value":"13073532-001","label":"VD18"}],"@id":"https://brema.suub.uni-bremen.de/i3f/v20/3641957/manifest","@type":"sc:Manifest","seeAlso":{"format":"application/xml","@id":"https://brema.suub.uni-bremen.de/oai?verb=GetRecord&metadataPrefix=mets&identifier=3641957","label":"METS"}}