{"viewingHint":"paged","attribution":"Staats- und Universit\u00e4tsbibliothek","service":[{"profile":"http://iiif.io/api/search/1/search","@context":"http://iiif.io/api/search/1/context.json","@id":"https://brema.suub.uni-bremen.de/i3f/manifest/3641952/search","label":"Search within this manifest"}],"structures":[],"sequences":[{"canvases":[{"height":2332,"width":1620,"images":[{"resource":{"service":{"profile":"http://iiif.io/api/image/2/level2.json","@context":"http://iiif.io/api/image/2/context.json","@id":"https://brema.suub.uni-bremen.de/i3f/v20/3641597"},"format":"image/jpeg","height":1439,"width":1000,"@id":"https://brema.suub.uni-bremen.de/download/webcache/1000/3641597","@type":"dctypes:Image"},"on":"https://brema.suub.uni-bremen.de/i3f/v20/3641952/canvas/3641597","motivation":"sc:painting","@id":"https://brema.suub.uni-bremen.de/i3f/v20/3641952/annotation/3641597","@type":"oa:Annotation"}],"label":"[1]","@id":"https://brema.suub.uni-bremen.de/i3f/v20/3641952/canvas/3641597","@type":"sc:Canvas"},{"height":2332,"width":1620,"images":[{"resource":{"service":{"profile":"http://iiif.io/api/image/2/level2.json","@context":"http://iiif.io/api/image/2/context.json","@id":"https://brema.suub.uni-bremen.de/i3f/v20/3641783"},"format":"image/jpeg","height":1439,"width":1000,"@id":"https://brema.suub.uni-bremen.de/download/webcache/1000/3641783","@type":"dctypes:Image"},"on":"https://brema.suub.uni-bremen.de/i3f/v20/3641952/canvas/3641783","motivation":"sc:painting","@id":"https://brema.suub.uni-bremen.de/i3f/v20/3641952/annotation/3641783","@type":"oa:Annotation"}],"label":"[2]","@id":"https://brema.suub.uni-bremen.de/i3f/v20/3641952/canvas/3641783","@type":"sc:Canvas"},{"height":2332,"width":1620,"images":[{"resource":{"service":{"profile":"http://iiif.io/api/image/2/level2.json","@context":"http://iiif.io/api/image/2/context.json","@id":"https://brema.suub.uni-bremen.de/i3f/v20/3641598"},"format":"image/jpeg","height":1439,"width":1000,"@id":"https://brema.suub.uni-bremen.de/download/webcache/1000/3641598","@type":"dctypes:Image"},"on":"https://brema.suub.uni-bremen.de/i3f/v20/3641952/canvas/3641598","motivation":"sc:painting","@id":"https://brema.suub.uni-bremen.de/i3f/v20/3641952/annotation/3641598","@type":"oa:Annotation"}],"label":"[3]","@id":"https://brema.suub.uni-bremen.de/i3f/v20/3641952/canvas/3641598","@type":"sc:Canvas"},{"height":2332,"width":1620,"images":[{"resource":{"service":{"profile":"http://iiif.io/api/image/2/level2.json","@context":"http://iiif.io/api/image/2/context.json","@id":"https://brema.suub.uni-bremen.de/i3f/v20/3641784"},"format":"image/jpeg","height":1439,"width":1000,"@id":"https://brema.suub.uni-bremen.de/download/webcache/1000/3641784","@type":"dctypes:Image"},"on":"https://brema.suub.uni-bremen.de/i3f/v20/3641952/canvas/3641784","motivation":"sc:painting","@id":"https://brema.suub.uni-bremen.de/i3f/v20/3641952/annotation/3641784","@type":"oa:Annotation"}],"label":"[4]","@id":"https://brema.suub.uni-bremen.de/i3f/v20/3641952/canvas/3641784","@type":"sc:Canvas"},{"height":2332,"width":1620,"images":[{"resource":{"service":{"profile":"http://iiif.io/api/image/2/level2.json","@context":"http://iiif.io/api/image/2/context.json","@id":"https://brema.suub.uni-bremen.de/i3f/v20/3641599"},"format":"image/jpeg","height":1439,"width":1000,"@id":"https://brema.suub.uni-bremen.de/download/webcache/1000/3641599","@type":"dctypes:Image"},"on":"https://brema.suub.uni-bremen.de/i3f/v20/3641952/canvas/3641599","motivation":"sc:painting","@id":"https://brema.suub.uni-bremen.de/i3f/v20/3641952/annotation/3641599","@type":"oa:Annotation"}],"label":"[5]","@id":"https://brema.suub.uni-bremen.de/i3f/v20/3641952/canvas/3641599","@type":"sc:Canvas"},{"height":2332,"width":1620,"images":[{"resource":{"service":{"profile":"http://iiif.io/api/image/2/level2.json","@context":"http://iiif.io/api/image/2/context.json","@id":"https://brema.suub.uni-bremen.de/i3f/v20/3641785"},"format":"image/jpeg","height":1439,"width":1000,"@id":"https://brema.suub.uni-bremen.de/download/webcache/1000/3641785","@type":"dctypes:Image"},"on":"https://brema.suub.uni-bremen.de/i3f/v20/3641952/canvas/3641785","motivation":"sc:painting","@id":"https://brema.suub.uni-bremen.de/i3f/v20/3641952/annotation/3641785","@type":"oa:Annotation"}],"label":"[6]","@id":"https://brema.suub.uni-bremen.de/i3f/v20/3641952/canvas/3641785","@type":"sc:Canvas"},{"height":2332,"width":1620,"images":[{"resource":{"service":{"profile":"http://iiif.io/api/image/2/level2.json","@context":"http://iiif.io/api/image/2/context.json","@id":"https://brema.suub.uni-bremen.de/i3f/v20/3641600"},"format":"image/jpeg","height":1439,"width":1000,"@id":"https://brema.suub.uni-bremen.de/download/webcache/1000/3641600","@type":"dctypes:Image"},"on":"https://brema.suub.uni-bremen.de/i3f/v20/3641952/canvas/3641600","motivation":"sc:painting","@id":"https://brema.suub.uni-bremen.de/i3f/v20/3641952/annotation/3641600","@type":"oa:Annotation"}],"label":"[7]","@id":"https://brema.suub.uni-bremen.de/i3f/v20/3641952/canvas/3641600","@type":"sc:Canvas"},{"height":2332,"width":1620,"images":[{"resource":{"service":{"profile":"http://iiif.io/api/image/2/level2.json","@context":"http://iiif.io/api/image/2/context.json","@id":"https://brema.suub.uni-bremen.de/i3f/v20/3641786"},"format":"image/jpeg","height":1439,"width":1000,"@id":"https://brema.suub.uni-bremen.de/download/webcache/1000/3641786","@type":"dctypes:Image"},"on":"https://brema.suub.uni-bremen.de/i3f/v20/3641952/canvas/3641786","motivation":"sc:painting","@id":"https://brema.suub.uni-bremen.de/i3f/v20/3641952/annotation/3641786","@type":"oa:Annotation"}],"label":"[8]","@id":"https://brema.suub.uni-bremen.de/i3f/v20/3641952/canvas/3641786","@type":"sc:Canvas"}],"viewingHint":"paged","startCanvas":"https://brema.suub.uni-bremen.de/i3f/v20/3641952/canvas/3641597","viewingDirection":"left-to-right","label":"Current Page Order","@context":"http://iiif.io/api/presentation/2/context.json","@id":"https://brema.suub.uni-bremen.de/i3f/v20/3641952/sequence/normal","@type":"sc:Sequence"}],"label":"brem-b-1101: Beym Absterben Ihres geliebten Freundes O. C. M\u00fcller D. G. G. B. widmeten dieses seinem Andenken die Sch\u00fcler der ersten Classe der hiesigen K\u00f6niglichen Domschule","thumbnail":{"width":304,"height":437,"@id":"https://brema.suub.uni-bremen.de/i3f/v21/3641597/full/304/0/default.jpg","@type":"dctypes:Image","format":"image/jpeg"},"logo":{"@id":"https://brema.suub.uni-bremen.de/domainresource/static/graphics/connectors/viewerLogo.gif","service":{"profile":"http://iiif.io/api/image/2/level2.json","@context":"http://iiif.io/api/image/2/context.json","@id":"http://www.suub.uni-bremen.de/"}},"@context":"http://iiif.io/api/presentation/2/context.json","metadata":[{"value":"Beym Absterben Ihres geliebten Freundes O. C. M\u00fcller D. G. G. B. widmeten dieses seinem Andenken die Sch\u00fcler der ersten Classe der hiesigen K\u00f6niglichen Domschule : Bremen den 12 Sept. 1791 / S.C. Pape, E.H. Dreffein, I.F. Zimpel, G.F. Kranewitter, D.C. Klee, P.C. Meiners, I.A. Dunze, N. Haltermann","label":"Titel"},{"value":"Pape, S. C.","label":"Widmender"},{"value":"Dreffein, E. H.","label":"Widmender"},{"value":"Zimpel, I. F.","label":"Widmender"},{"value":"Kranewitter, G. F.","label":"Widmender"},{"value":"Klee, D. C.","label":"Widmender"},{"value":"Meiners, P. C.","label":"Widmender"},{"value":"Dunze, I. A.","label":"Widmender"},{"value":"Haltermann, N.","label":"Widmender"},{"value":"M\u00fcller, O. C.","label":"Gefeierte Person"},{"value":"[Bremen] : [Verlag nicht ermittelbar], [1791]","label":"Erschienen"},{"value":"12.9.1791","label":"Anlassdatum"},{"value":"[7] Seiten","label":"Umfang"},{"value":"Die R\u00fcckseite der Titelseite ist unbedruckt","label":"Anmerkung"},{"value":"brem.b.1101-10","label":"Signatur"},{"value":"Bremen","label":"Schlagw\u00f6rter"},{"value":"Gelegenheitsschrift:Tod","label":"Gattungsbegriff"},{"value":"Bremen : Staats- und Universit\u00e4tsbibliothek, 2026","label":"Online-Ausgabe"},{"value":"urn:nbn:de:gbv:46:1-192427","label":"URN"},{"value":"9107360X","label":"VD18"}],"@id":"https://brema.suub.uni-bremen.de/i3f/v20/3641952/manifest","@type":"sc:Manifest","seeAlso":{"format":"application/xml","@id":"https://brema.suub.uni-bremen.de/oai?verb=GetRecord&metadataPrefix=mets&identifier=3641952","label":"METS"}}