{"viewingHint":"paged","attribution":"Staats- und Universit\u00e4tsbibliothek","service":[],"structures":[{"ranges":["https://brema.suub.uni-bremen.de/i3f/v20/1217180/range/1217180"],"viewingHint":"top","@id":"https://brema.suub.uni-bremen.de/i3f/v20/1217180/range/1218099","@type":"sc:Range","label":"Table of Contents"},{"canvases":["https://brema.suub.uni-bremen.de/i3f/v20/1217180/canvas/1217181","https://brema.suub.uni-bremen.de/i3f/v20/1217180/canvas/1217182","https://brema.suub.uni-bremen.de/i3f/v20/1217180/canvas/1217183","https://brema.suub.uni-bremen.de/i3f/v20/1217180/canvas/1217184","https://brema.suub.uni-bremen.de/i3f/v20/1217180/canvas/1217185","https://brema.suub.uni-bremen.de/i3f/v20/1217180/canvas/1217186","https://brema.suub.uni-bremen.de/i3f/v20/1217180/canvas/1217187","https://brema.suub.uni-bremen.de/i3f/v20/1217180/canvas/1217188"],"ranges":["https://brema.suub.uni-bremen.de/i3f/v20/1217180/range/1217585"],"@id":"https://brema.suub.uni-bremen.de/i3f/v20/1217180/range/1217180","@type":"sc:Range","label":"1625"},{"canvases":["https://brema.suub.uni-bremen.de/i3f/v20/1217180/canvas/1217181","https://brema.suub.uni-bremen.de/i3f/v20/1217180/canvas/1217182","https://brema.suub.uni-bremen.de/i3f/v20/1217180/canvas/1217183","https://brema.suub.uni-bremen.de/i3f/v20/1217180/canvas/1217184","https://brema.suub.uni-bremen.de/i3f/v20/1217180/canvas/1217185","https://brema.suub.uni-bremen.de/i3f/v20/1217180/canvas/1217186","https://brema.suub.uni-bremen.de/i3f/v20/1217180/canvas/1217187","https://brema.suub.uni-bremen.de/i3f/v20/1217180/canvas/1217188"],"@id":"https://brema.suub.uni-bremen.de/i3f/v20/1217180/range/1217585","@type":"sc:Range","label":"Ao: 1625. No: 20."}],"sequences":[{"canvases":[{"height":2198,"width":1499,"images":[{"resource":{"service":{"profile":"http://iiif.io/api/image/2/level2.json","@context":"http://iiif.io/api/image/2/context.json","@id":"https://brema.suub.uni-bremen.de/i3f/v20/1217181"},"format":"image/jpeg","height":1466,"width":1000,"@id":"https://brema.suub.uni-bremen.de/download/webcache/1000/1217181","@type":"dctypes:Image"},"on":"https://brema.suub.uni-bremen.de/i3f/v20/1217180/canvas/1217181","motivation":"sc:painting","@id":"https://brema.suub.uni-bremen.de/i3f/v20/1217180/annotation/1217181","@type":"oa:Annotation"}],"label":"[1]","@id":"https://brema.suub.uni-bremen.de/i3f/v20/1217180/canvas/1217181","@type":"sc:Canvas"},{"height":2188,"width":1531,"images":[{"resource":{"service":{"profile":"http://iiif.io/api/image/2/level2.json","@context":"http://iiif.io/api/image/2/context.json","@id":"https://brema.suub.uni-bremen.de/i3f/v20/1217182"},"format":"image/jpeg","height":1429,"width":1000,"@id":"https://brema.suub.uni-bremen.de/download/webcache/1000/1217182","@type":"dctypes:Image"},"on":"https://brema.suub.uni-bremen.de/i3f/v20/1217180/canvas/1217182","motivation":"sc:painting","@id":"https://brema.suub.uni-bremen.de/i3f/v20/1217180/annotation/1217182","@type":"oa:Annotation"}],"label":"[2]","@id":"https://brema.suub.uni-bremen.de/i3f/v20/1217180/canvas/1217182","@type":"sc:Canvas"},{"height":2178,"width":1512,"images":[{"resource":{"service":{"profile":"http://iiif.io/api/image/2/level2.json","@context":"http://iiif.io/api/image/2/context.json","@id":"https://brema.suub.uni-bremen.de/i3f/v20/1217183"},"format":"image/jpeg","height":1440,"width":1000,"@id":"https://brema.suub.uni-bremen.de/download/webcache/1000/1217183","@type":"dctypes:Image"},"on":"https://brema.suub.uni-bremen.de/i3f/v20/1217180/canvas/1217183","motivation":"sc:painting","@id":"https://brema.suub.uni-bremen.de/i3f/v20/1217180/annotation/1217183","@type":"oa:Annotation"}],"label":"[3]","@id":"https://brema.suub.uni-bremen.de/i3f/v20/1217180/canvas/1217183","@type":"sc:Canvas"},{"height":2162,"width":1506,"images":[{"resource":{"service":{"profile":"http://iiif.io/api/image/2/level2.json","@context":"http://iiif.io/api/image/2/context.json","@id":"https://brema.suub.uni-bremen.de/i3f/v20/1217184"},"format":"image/jpeg","height":1435,"width":1000,"@id":"https://brema.suub.uni-bremen.de/download/webcache/1000/1217184","@type":"dctypes:Image"},"on":"https://brema.suub.uni-bremen.de/i3f/v20/1217180/canvas/1217184","motivation":"sc:painting","@id":"https://brema.suub.uni-bremen.de/i3f/v20/1217180/annotation/1217184","@type":"oa:Annotation"}],"label":"[4]","@id":"https://brema.suub.uni-bremen.de/i3f/v20/1217180/canvas/1217184","@type":"sc:Canvas"},{"height":2233,"width":1613,"images":[{"resource":{"service":{"profile":"http://iiif.io/api/image/2/level2.json","@context":"http://iiif.io/api/image/2/context.json","@id":"https://brema.suub.uni-bremen.de/i3f/v20/1217185"},"format":"image/jpeg","height":1384,"width":1000,"@id":"https://brema.suub.uni-bremen.de/download/webcache/1000/1217185","@type":"dctypes:Image"},"on":"https://brema.suub.uni-bremen.de/i3f/v20/1217180/canvas/1217185","motivation":"sc:painting","@id":"https://brema.suub.uni-bremen.de/i3f/v20/1217180/annotation/1217185","@type":"oa:Annotation"}],"label":"[5]","@id":"https://brema.suub.uni-bremen.de/i3f/v20/1217180/canvas/1217185","@type":"sc:Canvas"},{"height":2199,"width":1476,"images":[{"resource":{"service":{"profile":"http://iiif.io/api/image/2/level2.json","@context":"http://iiif.io/api/image/2/context.json","@id":"https://brema.suub.uni-bremen.de/i3f/v20/1217186"},"format":"image/jpeg","height":1489,"width":1000,"@id":"https://brema.suub.uni-bremen.de/download/webcache/1000/1217186","@type":"dctypes:Image"},"on":"https://brema.suub.uni-bremen.de/i3f/v20/1217180/canvas/1217186","motivation":"sc:painting","@id":"https://brema.suub.uni-bremen.de/i3f/v20/1217180/annotation/1217186","@type":"oa:Annotation"}],"label":"[6]","@id":"https://brema.suub.uni-bremen.de/i3f/v20/1217180/canvas/1217186","@type":"sc:Canvas"},{"height":2200,"width":1600,"images":[{"resource":{"service":{"profile":"http://iiif.io/api/image/2/level2.json","@context":"http://iiif.io/api/image/2/context.json","@id":"https://brema.suub.uni-bremen.de/i3f/v20/1217187"},"format":"image/jpeg","height":1375,"width":1000,"@id":"https://brema.suub.uni-bremen.de/download/webcache/1000/1217187","@type":"dctypes:Image"},"on":"https://brema.suub.uni-bremen.de/i3f/v20/1217180/canvas/1217187","motivation":"sc:painting","@id":"https://brema.suub.uni-bremen.de/i3f/v20/1217180/annotation/1217187","@type":"oa:Annotation"}],"label":"[7]","@id":"https://brema.suub.uni-bremen.de/i3f/v20/1217180/canvas/1217187","@type":"sc:Canvas"},{"height":2164,"width":1478,"images":[{"resource":{"service":{"profile":"http://iiif.io/api/image/2/level2.json","@context":"http://iiif.io/api/image/2/context.json","@id":"https://brema.suub.uni-bremen.de/i3f/v20/1217188"},"format":"image/jpeg","height":1464,"width":1000,"@id":"https://brema.suub.uni-bremen.de/download/webcache/1000/1217188","@type":"dctypes:Image"},"on":"https://brema.suub.uni-bremen.de/i3f/v20/1217180/canvas/1217188","motivation":"sc:painting","@id":"https://brema.suub.uni-bremen.de/i3f/v20/1217180/annotation/1217188","@type":"oa:Annotation"}],"label":"[8]","@id":"https://brema.suub.uni-bremen.de/i3f/v20/1217180/canvas/1217188","@type":"sc:Canvas"}],"viewingHint":"paged","startCanvas":"https://brema.suub.uni-bremen.de/i3f/v20/1217180/canvas/1217181","viewingDirection":"left-to-right","label":"Current Page Order","@context":"http://iiif.io/api/presentation/2/context.json","@id":"https://brema.suub.uni-bremen.de/i3f/v20/1217180/sequence/normal","@type":"sc:Sequence"}],"label":"Freytags Avisi oder Zeitung, welche den 10. Martij. Au\u00df Vngarn, Wien, Prag, N\u00fcrnbergk, Hamburgk, Niederlandt, vnd anderen Orthen, W\u00f6chentlich Avisirt vnd anhero geschickt werden. 1623-1625: 1625","thumbnail":{"width":304,"height":445,"@id":"https://brema.suub.uni-bremen.de/i3f/v21/1217181/full/304/0/default.jpg","@type":"dctypes:Image","format":"image/jpeg"},"logo":{"@id":"https://brema.suub.uni-bremen.de/domainresource/static/graphics/connectors/viewerLogo.gif","service":{"profile":"http://iiif.io/api/image/2/level2.json","@context":"http://iiif.io/api/image/2/context.json","@id":"http://www.suub.uni-bremen.de/"}},"@context":"http://iiif.io/api/presentation/2/context.json","metadata":[{"value":"Freytags Avisi oder Zeitung, welche den 10. Martij. Au\u00df Vngarn, Wien, Prag, N\u00fcrnbergk, Hamburgk, Niederlandt, vnd anderen Orthen, W\u00f6chentlich Avisirt vnd anhero geschickt werden","label":"Zeitungstitel"},{"value":"1625","label":"Jahrgang"},{"value":"Bremen : Staats- und Universit\u00e4tsbibliothek, 2015","label":"Online-Ausgabe"}],"@id":"https://brema.suub.uni-bremen.de/i3f/v20/1217180/manifest","@type":"sc:Manifest","seeAlso":{"format":"application/xml","@id":"https://brema.suub.uni-bremen.de/oai?verb=GetRecord&metadataPrefix=mets&identifier=1217180","label":"METS"}}